{"id":1245,"date":"2012-09-16T07:51:13","date_gmt":"2012-09-16T07:51:13","guid":{"rendered":"http:\/\/www.musical-ensemble-erft.de\/wordpress\/?p=1245"},"modified":"2014-07-23T07:47:10","modified_gmt":"2014-07-23T07:47:10","slug":"danke","status":"publish","type":"post","link":"https:\/\/www.musical-ensemble-erft.de\/wordpress\/2012\/09\/danke\/","title":{"rendered":"Danke&#8230;"},"content":{"rendered":"<p>DANKE f\u00fcr f\u00fcnf unvergessliche Abende &#8211; ihr wart ein tolles Publikum! Gestern hat noch einmal alles getoppt &#8211; da wei\u00df man, wof\u00fcr man 15 Monate hart arbeitet. Wer die Show gesehen hat, kann nat\u00fcrlich gerne ein paar Zeilen in unserem G\u00e4stebuch hinterlassen!<\/p>\n<p>Und nun: Auf zum B\u00fchnenabbau&#8230; \ud83d\ude41<\/p>\n<p><a href=\"https:\/\/www.musical-ensemble-erft.de\/wordpress\/wp-content\/uploads\/2012\/09\/IMG_5815_klein.jpg\" data-rel=\"lightbox-image-0\" data-rl_title=\"Musical Ensemble Erft: Die Darsteller sagen Danke f\u00fcr RENT\" data-rl_caption=\"\"><img decoding=\"async\" class=\"alignleft width=\" title=\"Musical Ensemble Erft: Die Darsteller sagen Danke f\u00fcr RENT\" src=\"https:\/\/www.musical-ensemble-erft.de\/wordpress\/wp-content\/uploads\/2012\/09\/IMG_5815_klein.jpg\" alt=\"\" width=\"560\" \/><\/a><\/p>\n","protected":false},"excerpt":{"rendered":"<p>DANKE f\u00fcr f\u00fcnf unvergessliche Abende &#8211; ihr wart ein tolles Publikum! Gestern hat noch einmal alles getoppt &#8211; da wei\u00df man, wof\u00fcr man 15 Monate hart arbeitet. Wer die Show gesehen hat, kann nat\u00fcrlich gerne ein paar Zeilen in unserem G\u00e4stebuch hinterlassen! Und nun: Auf zum B\u00fchnenabbau&#8230; \ud83d\ude41<\/p>\n","protected":false},"author":1,"featured_media":0,"comment_status":"open","ping_status":"open","sticky":false,"template":"","format":"standard","meta":{"footnotes":""},"categories":[3,13],"tags":[],"class_list":["post-1245","post","type-post","status-publish","format-standard","hentry","category-hintergrund","category-rent","post-preview"],"_links":{"self":[{"href":"https:\/\/www.musical-ensemble-erft.de\/wordpress\/wp-json\/wp\/v2\/posts\/1245","targetHints":{"allow":["GET"]}}],"collection":[{"href":"https:\/\/www.musical-ensemble-erft.de\/wordpress\/wp-json\/wp\/v2\/posts"}],"about":[{"href":"https:\/\/www.musical-ensemble-erft.de\/wordpress\/wp-json\/wp\/v2\/types\/post"}],"author":[{"embeddable":true,"href":"https:\/\/www.musical-ensemble-erft.de\/wordpress\/wp-json\/wp\/v2\/users\/1"}],"replies":[{"embeddable":true,"href":"https:\/\/www.musical-ensemble-erft.de\/wordpress\/wp-json\/wp\/v2\/comments?post=1245"}],"version-history":[{"count":1,"href":"https:\/\/www.musical-ensemble-erft.de\/wordpress\/wp-json\/wp\/v2\/posts\/1245\/revisions"}],"predecessor-version":[{"id":2509,"href":"https:\/\/www.musical-ensemble-erft.de\/wordpress\/wp-json\/wp\/v2\/posts\/1245\/revisions\/2509"}],"wp:attachment":[{"href":"https:\/\/www.musical-ensemble-erft.de\/wordpress\/wp-json\/wp\/v2\/media?parent=1245"}],"wp:term":[{"taxonomy":"category","embeddable":true,"href":"https:\/\/www.musical-ensemble-erft.de\/wordpress\/wp-json\/wp\/v2\/categories?post=1245"},{"taxonomy":"post_tag","embeddable":true,"href":"https:\/\/www.musical-ensemble-erft.de\/wordpress\/wp-json\/wp\/v2\/tags?post=1245"}],"curies":[{"name":"wp","href":"https:\/\/api.w.org\/{rel}","templated":true}]}}