{"id":336,"date":"2012-01-16T20:11:36","date_gmt":"2012-01-16T20:11:36","guid":{"rendered":"http:\/\/www.musical-ensemble-erft.de\/wordpress\/?p=336"},"modified":"2013-11-26T16:40:15","modified_gmt":"2013-11-26T16:40:15","slug":"zwischen-weihnachtscops-und-bodyroll","status":"publish","type":"post","link":"https:\/\/www.musical-ensemble-erft.de\/wordpress\/2012\/01\/zwischen-weihnachtscops-und-bodyroll\/","title":{"rendered":"Zwischen Weihnachtscops und Bodyroll"},"content":{"rendered":"<p>Am letzten Sonntag gab es f\u00fcr das Ensemble einiges zu tun: Zun\u00e4chst eine Chorprobe, danach der Beginn der Choreographie-Arbeit an &#8222;La Vie Boh\u00e8me&#8220;. Bei beidem schwankte die Stimmung zwischen konzentriert und ausgelassen &#8211; ein paar kleine Eindr\u00fccke in die erste H\u00e4lfte des langen Nachmittags gibt es hier&#8230;<\/p>\n\n\t\t<style type=\"text\/css\">\n\t\t\t#gallery-1 {\n\t\t\t\tmargin: auto;\n\t\t\t}\n\t\t\t#gallery-1 .gallery-item {\n\t\t\t\tfloat: left;\n\t\t\t\tmargin-top: 10px;\n\t\t\t\ttext-align: center;\n\t\t\t\twidth: 33%;\n\t\t\t}\n\t\t\t#gallery-1 img {\n\t\t\t\tborder: 2px solid #cfcfcf;\n\t\t\t}\n\t\t\t#gallery-1 .gallery-caption {\n\t\t\t\tmargin-left: 0;\n\t\t\t}\n\t\t\t\/* see gallery_shortcode() in wp-includes\/media.php *\/\n\t\t<\/style>\n\t\t<div id='gallery-1' class='gallery galleryid-336 gallery-columns-3 gallery-size-thumbnail'><dl class='gallery-item'>\n\t\t\t<dt class='gallery-icon landscape'>\n\t\t\t\t<a href='https:\/\/www.musical-ensemble-erft.de\/wordpress\/wp-content\/uploads\/2012\/01\/img_5382.gif' title=\"Ein langes Lied, doch Phil ist bestens vorbereitet.\" data-rl_title=\"Ein langes Lied, doch Phil ist bestens vorbereitet.\" class=\"rl-gallery-link\" data-rl_caption=\"\" data-rel=\"lightbox-gallery-1\"><img loading=\"lazy\" decoding=\"async\" width=\"150\" height=\"150\" src=\"https:\/\/www.musical-ensemble-erft.de\/wordpress\/wp-content\/uploads\/2012\/01\/img_5382-150x150.gif\" class=\"attachment-thumbnail size-thumbnail\" alt=\"\" aria-describedby=\"gallery-1-2092\" \/><\/a>\n\t\t\t<\/dt>\n\t\t\t\t<dd class='wp-caption-text gallery-caption' id='gallery-1-2092'>\n\t\t\t\tEin langes Lied, doch Phil ist bestens vorbereitet.\n\t\t\t\t<\/dd><\/dl><dl class='gallery-item'>\n\t\t\t<dt class='gallery-icon landscape'>\n\t\t\t\t<a href='https:\/\/www.musical-ensemble-erft.de\/wordpress\/wp-content\/uploads\/2012\/01\/img_5375.gif' title=\"Noch sah alles nach konzentriertem Arbeiten aus..\" data-rl_title=\"Noch sah alles nach konzentriertem Arbeiten aus..\" class=\"rl-gallery-link\" data-rl_caption=\"\" data-rel=\"lightbox-gallery-1\"><img loading=\"lazy\" decoding=\"async\" width=\"150\" height=\"150\" src=\"https:\/\/www.musical-ensemble-erft.de\/wordpress\/wp-content\/uploads\/2012\/01\/img_5375-150x150.gif\" class=\"attachment-thumbnail size-thumbnail\" alt=\"\" aria-describedby=\"gallery-1-2089\" \/><\/a>\n\t\t\t<\/dt>\n\t\t\t\t<dd class='wp-caption-text gallery-caption' id='gallery-1-2089'>\n\t\t\t\tNoch sah alles nach konzentriertem Arbeiten aus..\n\t\t\t\t<\/dd><\/dl><dl class='gallery-item'>\n\t\t\t<dt class='gallery-icon landscape'>\n\t\t\t\t<a href='https:\/\/www.musical-ensemble-erft.de\/wordpress\/wp-content\/uploads\/2012\/01\/img_5386.gif' title=\"Yavanna, mindestens genauso sortiert wie Phil.\" data-rl_title=\"Yavanna, mindestens genauso sortiert wie Phil.\" class=\"rl-gallery-link\" data-rl_caption=\"\" data-rel=\"lightbox-gallery-1\"><img loading=\"lazy\" decoding=\"async\" width=\"150\" height=\"150\" src=\"https:\/\/www.musical-ensemble-erft.de\/wordpress\/wp-content\/uploads\/2012\/01\/img_5386-150x150.gif\" class=\"attachment-thumbnail size-thumbnail\" alt=\"\" aria-describedby=\"gallery-1-2093\" \/><\/a>\n\t\t\t<\/dt>\n\t\t\t\t<dd class='wp-caption-text gallery-caption' id='gallery-1-2093'>\n\t\t\t\tYavanna, mindestens genauso sortiert wie Phil.\n\t\t\t\t<\/dd><\/dl><br style=\"clear: both\" \/><dl class='gallery-item'>\n\t\t\t<dt class='gallery-icon landscape'>\n\t\t\t\t<a href='https:\/\/www.musical-ensemble-erft.de\/wordpress\/wp-content\/uploads\/2012\/01\/img_5402.gif' title=\"Dennis scheint beeindruckt von dieser Organisation..\" data-rl_title=\"Dennis scheint beeindruckt von dieser Organisation..\" class=\"rl-gallery-link\" data-rl_caption=\"\" data-rel=\"lightbox-gallery-1\"><img loading=\"lazy\" decoding=\"async\" width=\"150\" height=\"150\" src=\"https:\/\/www.musical-ensemble-erft.de\/wordpress\/wp-content\/uploads\/2012\/01\/img_5402-150x150.gif\" class=\"attachment-thumbnail size-thumbnail\" alt=\"\" aria-describedby=\"gallery-1-2098\" \/><\/a>\n\t\t\t<\/dt>\n\t\t\t\t<dd class='wp-caption-text gallery-caption' id='gallery-1-2098'>\n\t\t\t\tDennis scheint beeindruckt von dieser Organisation..\n\t\t\t\t<\/dd><\/dl><dl class='gallery-item'>\n\t\t\t<dt class='gallery-icon landscape'>\n\t\t\t\t<a href='https:\/\/www.musical-ensemble-erft.de\/wordpress\/wp-content\/uploads\/2012\/01\/img_5418.gif' title=\"..nur Miguel tr\u00e4umt anscheinend gerade.\" data-rl_title=\"..nur Miguel tr\u00e4umt anscheinend gerade.\" class=\"rl-gallery-link\" data-rl_caption=\"\" data-rel=\"lightbox-gallery-1\"><img loading=\"lazy\" decoding=\"async\" width=\"150\" height=\"150\" src=\"https:\/\/www.musical-ensemble-erft.de\/wordpress\/wp-content\/uploads\/2012\/01\/img_5418-150x150.gif\" class=\"attachment-thumbnail size-thumbnail\" alt=\"\" aria-describedby=\"gallery-1-2102\" \/><\/a>\n\t\t\t<\/dt>\n\t\t\t\t<dd class='wp-caption-text gallery-caption' id='gallery-1-2102'>\n\t\t\t\t..nur Miguel tr\u00e4umt anscheinend gerade.\n\t\t\t\t<\/dd><\/dl><dl class='gallery-item'>\n\t\t\t<dt class='gallery-icon landscape'>\n\t\t\t\t<a href='https:\/\/www.musical-ensemble-erft.de\/wordpress\/wp-content\/uploads\/2012\/01\/img_5380.gif' title=\"..aber Tim hat gerade Pause...\" data-rl_title=\"..aber Tim hat gerade Pause...\" class=\"rl-gallery-link\" data-rl_caption=\"\" data-rel=\"lightbox-gallery-1\"><img loading=\"lazy\" decoding=\"async\" width=\"150\" height=\"150\" src=\"https:\/\/www.musical-ensemble-erft.de\/wordpress\/wp-content\/uploads\/2012\/01\/img_5380-150x150.gif\" class=\"attachment-thumbnail size-thumbnail\" alt=\"\" aria-describedby=\"gallery-1-2090\" \/><\/a>\n\t\t\t<\/dt>\n\t\t\t\t<dd class='wp-caption-text gallery-caption' id='gallery-1-2090'>\n\t\t\t\t..aber Tim hat gerade Pause&#8230;\n\t\t\t\t<\/dd><\/dl><br style=\"clear: both\" \/><dl class='gallery-item'>\n\t\t\t<dt class='gallery-icon landscape'>\n\t\t\t\t<a href='https:\/\/www.musical-ensemble-erft.de\/wordpress\/wp-content\/uploads\/2012\/01\/img_5372.gif' title=\"Konzentriertes Zuh\u00f6ren oder Kamera-Vermeidungs-Haltung?\" data-rl_title=\"Konzentriertes Zuh\u00f6ren oder Kamera-Vermeidungs-Haltung?\" class=\"rl-gallery-link\" data-rl_caption=\"\" data-rel=\"lightbox-gallery-1\"><img loading=\"lazy\" decoding=\"async\" width=\"150\" height=\"150\" src=\"https:\/\/www.musical-ensemble-erft.de\/wordpress\/wp-content\/uploads\/2012\/01\/img_5372-150x150.gif\" class=\"attachment-thumbnail size-thumbnail\" alt=\"\" aria-describedby=\"gallery-1-2088\" \/><\/a>\n\t\t\t<\/dt>\n\t\t\t\t<dd class='wp-caption-text gallery-caption' id='gallery-1-2088'>\n\t\t\t\tKonzentriertes Zuh\u00f6ren oder Kamera-Vermeidungs-Haltung?\n\t\t\t\t<\/dd><\/dl><dl class='gallery-item'>\n\t\t\t<dt class='gallery-icon landscape'>\n\t\t\t\t<a href='https:\/\/www.musical-ensemble-erft.de\/wordpress\/wp-content\/uploads\/2012\/01\/img_5416.gif' title=\"Dar\u00fcber kann Lydia nat\u00fcrlich nur m\u00fcde lachen..\" data-rl_title=\"Dar\u00fcber kann Lydia nat\u00fcrlich nur m\u00fcde lachen..\" class=\"rl-gallery-link\" data-rl_caption=\"\" data-rel=\"lightbox-gallery-1\"><img loading=\"lazy\" decoding=\"async\" width=\"150\" height=\"150\" src=\"https:\/\/www.musical-ensemble-erft.de\/wordpress\/wp-content\/uploads\/2012\/01\/img_5416-150x150.gif\" class=\"attachment-thumbnail size-thumbnail\" alt=\"\" aria-describedby=\"gallery-1-2101\" \/><\/a>\n\t\t\t<\/dt>\n\t\t\t\t<dd class='wp-caption-text gallery-caption' id='gallery-1-2101'>\n\t\t\t\tDar\u00fcber kann Lydia nat\u00fcrlich nur m\u00fcde lachen..\n\t\t\t\t<\/dd><\/dl><dl class='gallery-item'>\n\t\t\t<dt class='gallery-icon landscape'>\n\t\t\t\t<a href='https:\/\/www.musical-ensemble-erft.de\/wordpress\/wp-content\/uploads\/2012\/01\/img_5381.gif' title=\"..aber auf Michi ist Verlass, die Noten sind sortiert und markiert.\" data-rl_title=\"..aber auf Michi ist Verlass, die Noten sind sortiert und markiert.\" class=\"rl-gallery-link\" data-rl_caption=\"\" data-rel=\"lightbox-gallery-1\"><img loading=\"lazy\" decoding=\"async\" width=\"150\" height=\"150\" src=\"https:\/\/www.musical-ensemble-erft.de\/wordpress\/wp-content\/uploads\/2012\/01\/img_5381-150x150.gif\" class=\"attachment-thumbnail size-thumbnail\" alt=\"\" aria-describedby=\"gallery-1-2091\" \/><\/a>\n\t\t\t<\/dt>\n\t\t\t\t<dd class='wp-caption-text gallery-caption' id='gallery-1-2091'>\n\t\t\t\t..aber auf Michi ist Verlass, die Noten sind sortiert und markiert.\n\t\t\t\t<\/dd><\/dl><br style=\"clear: both\" \/><dl class='gallery-item'>\n\t\t\t<dt class='gallery-icon landscape'>\n\t\t\t\t<a href='https:\/\/www.musical-ensemble-erft.de\/wordpress\/wp-content\/uploads\/2012\/01\/img_5394.gif' title=\"Daran scheinen sich auch Sascha und Angela ein Beispiel zu nehmen.\" data-rl_title=\"Daran scheinen sich auch Sascha und Angela ein Beispiel zu nehmen.\" class=\"rl-gallery-link\" data-rl_caption=\"\" data-rel=\"lightbox-gallery-1\"><img loading=\"lazy\" decoding=\"async\" width=\"150\" height=\"150\" src=\"https:\/\/www.musical-ensemble-erft.de\/wordpress\/wp-content\/uploads\/2012\/01\/img_5394-150x150.gif\" class=\"attachment-thumbnail size-thumbnail\" alt=\"\" aria-describedby=\"gallery-1-2095\" \/><\/a>\n\t\t\t<\/dt>\n\t\t\t\t<dd class='wp-caption-text gallery-caption' id='gallery-1-2095'>\n\t\t\t\tDaran scheinen sich auch Sascha und Angela ein Beispiel zu nehmen.\n\t\t\t\t<\/dd><\/dl><dl class='gallery-item'>\n\t\t\t<dt class='gallery-icon landscape'>\n\t\t\t\t<a href='https:\/\/www.musical-ensemble-erft.de\/wordpress\/wp-content\/uploads\/2012\/01\/img_5407.gif' title=\"Babsy hat eher Augen f\u00fcr..anderes.\" data-rl_title=\"Babsy hat eher Augen f\u00fcr..anderes.\" class=\"rl-gallery-link\" data-rl_caption=\"\" data-rel=\"lightbox-gallery-1\"><img loading=\"lazy\" decoding=\"async\" width=\"150\" height=\"150\" src=\"https:\/\/www.musical-ensemble-erft.de\/wordpress\/wp-content\/uploads\/2012\/01\/img_5407-150x150.gif\" class=\"attachment-thumbnail size-thumbnail\" alt=\"\" aria-describedby=\"gallery-1-2099\" \/><\/a>\n\t\t\t<\/dt>\n\t\t\t\t<dd class='wp-caption-text gallery-caption' id='gallery-1-2099'>\n\t\t\t\tBabsy hat eher Augen f\u00fcr..anderes.\n\t\t\t\t<\/dd><\/dl><dl class='gallery-item'>\n\t\t\t<dt class='gallery-icon landscape'>\n\t\t\t\t<a href='https:\/\/www.musical-ensemble-erft.de\/wordpress\/wp-content\/uploads\/2012\/01\/img_5409.gif' title=\"Gro\u00dfer Spa\u00df bei der gelebten \u00d6kumene: Die angehenden Theologinnen in ihrem Element.\" data-rl_title=\"Gro\u00dfer Spa\u00df bei der gelebten \u00d6kumene: Die angehenden Theologinnen in ihrem Element.\" class=\"rl-gallery-link\" data-rl_caption=\"\" data-rel=\"lightbox-gallery-1\"><img loading=\"lazy\" decoding=\"async\" width=\"150\" height=\"150\" src=\"https:\/\/www.musical-ensemble-erft.de\/wordpress\/wp-content\/uploads\/2012\/01\/img_5409-150x150.gif\" class=\"attachment-thumbnail size-thumbnail\" alt=\"\" aria-describedby=\"gallery-1-2100\" \/><\/a>\n\t\t\t<\/dt>\n\t\t\t\t<dd class='wp-caption-text gallery-caption' id='gallery-1-2100'>\n\t\t\t\tGro\u00dfer Spa\u00df bei der gelebten \u00d6kumene: Die angehenden Theologinnen in ihrem Element.\n\t\t\t\t<\/dd><\/dl><br style=\"clear: both\" \/><dl class='gallery-item'>\n\t\t\t<dt class='gallery-icon landscape'>\n\t\t\t\t<a href='https:\/\/www.musical-ensemble-erft.de\/wordpress\/wp-content\/uploads\/2012\/01\/img_5399.gif' title=\"Ja, SO viel Spa\u00df sollte jede Probe machen...\" data-rl_title=\"Ja, SO viel Spa\u00df sollte jede Probe machen...\" class=\"rl-gallery-link\" data-rl_caption=\"\" data-rel=\"lightbox-gallery-1\"><img loading=\"lazy\" decoding=\"async\" width=\"150\" height=\"150\" src=\"https:\/\/www.musical-ensemble-erft.de\/wordpress\/wp-content\/uploads\/2012\/01\/img_5399-150x150.gif\" class=\"attachment-thumbnail size-thumbnail\" alt=\"\" aria-describedby=\"gallery-1-2096\" \/><\/a>\n\t\t\t<\/dt>\n\t\t\t\t<dd class='wp-caption-text gallery-caption' id='gallery-1-2096'>\n\t\t\t\tJa, SO viel Spa\u00df sollte jede Probe machen&#8230;\n\t\t\t\t<\/dd><\/dl><dl class='gallery-item'>\n\t\t\t<dt class='gallery-icon landscape'>\n\t\t\t\t<a href='https:\/\/www.musical-ensemble-erft.de\/wordpress\/wp-content\/uploads\/2012\/01\/img_5426.gif' title=\"Selbst Laura l\u00e4sst so viel grober Unfug nicht kalt.\" data-rl_title=\"Selbst Laura l\u00e4sst so viel grober Unfug nicht kalt.\" class=\"rl-gallery-link\" data-rl_caption=\"\" data-rel=\"lightbox-gallery-1\"><img loading=\"lazy\" decoding=\"async\" width=\"150\" height=\"150\" src=\"https:\/\/www.musical-ensemble-erft.de\/wordpress\/wp-content\/uploads\/2012\/01\/img_5426-150x150.gif\" class=\"attachment-thumbnail size-thumbnail\" alt=\"\" aria-describedby=\"gallery-1-2103\" \/><\/a>\n\t\t\t<\/dt>\n\t\t\t\t<dd class='wp-caption-text gallery-caption' id='gallery-1-2103'>\n\t\t\t\tSelbst Laura l\u00e4sst so viel grober Unfug nicht kalt.\n\t\t\t\t<\/dd><\/dl><dl class='gallery-item'>\n\t\t\t<dt class='gallery-icon landscape'>\n\t\t\t\t<a href='https:\/\/www.musical-ensemble-erft.de\/wordpress\/wp-content\/uploads\/2012\/01\/img_5400.gif' title=\"..w\u00e4hrend sich Angela gleich anstecken l\u00e4sst.\" data-rl_title=\"..w\u00e4hrend sich Angela gleich anstecken l\u00e4sst.\" class=\"rl-gallery-link\" data-rl_caption=\"\" data-rel=\"lightbox-gallery-1\"><img loading=\"lazy\" decoding=\"async\" width=\"150\" height=\"150\" src=\"https:\/\/www.musical-ensemble-erft.de\/wordpress\/wp-content\/uploads\/2012\/01\/img_5400-150x150.gif\" class=\"attachment-thumbnail size-thumbnail\" alt=\"\" aria-describedby=\"gallery-1-2097\" \/><\/a>\n\t\t\t<\/dt>\n\t\t\t\t<dd class='wp-caption-text gallery-caption' id='gallery-1-2097'>\n\t\t\t\t..w\u00e4hrend sich Angela gleich anstecken l\u00e4sst.\n\t\t\t\t<\/dd><\/dl><br style=\"clear: both\" \/><dl class='gallery-item'>\n\t\t\t<dt class='gallery-icon landscape'>\n\t\t\t\t<a href='https:\/\/www.musical-ensemble-erft.de\/wordpress\/wp-content\/uploads\/2012\/01\/img_5387.gif' title=\"Fazit: Daumen hoch - gute Probe!\" data-rl_title=\"Fazit: Daumen hoch - gute Probe!\" class=\"rl-gallery-link\" data-rl_caption=\"\" data-rel=\"lightbox-gallery-1\"><img loading=\"lazy\" decoding=\"async\" width=\"150\" height=\"150\" src=\"https:\/\/www.musical-ensemble-erft.de\/wordpress\/wp-content\/uploads\/2012\/01\/img_5387-150x150.gif\" class=\"attachment-thumbnail size-thumbnail\" alt=\"\" aria-describedby=\"gallery-1-2094\" \/><\/a>\n\t\t\t<\/dt>\n\t\t\t\t<dd class='wp-caption-text gallery-caption' id='gallery-1-2094'>\n\t\t\t\tFazit: Daumen hoch &#8211; gute Probe!\n\t\t\t\t<\/dd><\/dl>\n\t\t\t<br style='clear: both' \/>\n\t\t<\/div>\n\n<p>&nbsp;<\/p>\n","protected":false},"excerpt":{"rendered":"<p>Am letzten Sonntag gab es f\u00fcr das Ensemble einiges zu tun: Zun\u00e4chst eine Chorprobe, danach der Beginn der Choreographie-Arbeit an &#8222;La Vie Boh\u00e8me&#8220;. Bei beidem schwankte die Stimmung zwischen konzentriert und ausgelassen &#8211; ein paar kleine Eindr\u00fccke in die erste H\u00e4lfte des langen Nachmittags gibt es hier&#8230; &nbsp;<\/p>\n","protected":false},"author":1,"featured_media":0,"comment_status":"open","ping_status":"open","sticky":false,"template":"","format":"standard","meta":{"footnotes":""},"categories":[4],"tags":[],"class_list":["post-336","post","type-post","status-publish","format-standard","hentry","category-proben","post-preview"],"_links":{"self":[{"href":"https:\/\/www.musical-ensemble-erft.de\/wordpress\/wp-json\/wp\/v2\/posts\/336","targetHints":{"allow":["GET"]}}],"collection":[{"href":"https:\/\/www.musical-ensemble-erft.de\/wordpress\/wp-json\/wp\/v2\/posts"}],"about":[{"href":"https:\/\/www.musical-ensemble-erft.de\/wordpress\/wp-json\/wp\/v2\/types\/post"}],"author":[{"embeddable":true,"href":"https:\/\/www.musical-ensemble-erft.de\/wordpress\/wp-json\/wp\/v2\/users\/1"}],"replies":[{"embeddable":true,"href":"https:\/\/www.musical-ensemble-erft.de\/wordpress\/wp-json\/wp\/v2\/comments?post=336"}],"version-history":[{"count":2,"href":"https:\/\/www.musical-ensemble-erft.de\/wordpress\/wp-json\/wp\/v2\/posts\/336\/revisions"}],"predecessor-version":[{"id":2105,"href":"https:\/\/www.musical-ensemble-erft.de\/wordpress\/wp-json\/wp\/v2\/posts\/336\/revisions\/2105"}],"wp:attachment":[{"href":"https:\/\/www.musical-ensemble-erft.de\/wordpress\/wp-json\/wp\/v2\/media?parent=336"}],"wp:term":[{"taxonomy":"category","embeddable":true,"href":"https:\/\/www.musical-ensemble-erft.de\/wordpress\/wp-json\/wp\/v2\/categories?post=336"},{"taxonomy":"post_tag","embeddable":true,"href":"https:\/\/www.musical-ensemble-erft.de\/wordpress\/wp-json\/wp\/v2\/tags?post=336"}],"curies":[{"name":"wp","href":"https:\/\/api.w.org\/{rel}","templated":true}]}}